{"id":14981,"date":"2026-02-03T15:19:56","date_gmt":"2026-02-03T15:19:56","guid":{"rendered":"https:\/\/mi-registro.net\/sense-categoria\/que-es-el-mes-important-en-un-programari-control-horari\/"},"modified":"2026-02-03T15:19:57","modified_gmt":"2026-02-03T15:19:57","slug":"que-es-el-mes-important-en-un-programari-control-horari","status":"publish","type":"post","link":"https:\/\/mi-registro.net\/ca\/novetats\/que-es-el-mes-important-en-un-programari-control-horari\/","title":{"rendered":"Qu\u00e8 \u00e9s el m\u00e9s important en un programari control horari?"},"content":{"rendered":"\n<p>Avui dia, el control horari ha esdevingut un tema candent entre les empreses. El <a href=\"https:\/\/mi-registro.net\/wp-content\/uploads\/2021\/05\/guia-control-horario.pdf\" target=\"_blank\" rel=\"noreferrer noopener\"><span class=\"has-inline-color has-vivid-cyan-blue-color\">Reial decret llei 8\/2019<\/span><\/a> , que va entrar en vigor el 2019 ha fet sorgir dubtes, especialment, de com aplicar-lo correctament i la import\u00e0ncia d&#8217;escollir el programari m\u00e9s adequat per a la nostra empresa.   <\/p>\n\n<p>Comencem pel principi!<\/p>\n\n<h2 class=\"wp-block-heading\"><strong>Qu\u00e8 \u00e9s realment un programari de control horari?<\/strong><\/h2>\n\n<p><\/p>\n\n<p>Un <strong>programari de control d&#8217;horari<\/strong> \u00e9s un sistema o programa que <strong>permet con\u00e8ixer el temps real que un empleat ha treballat<\/strong> . \u00c9s a dir, com a empresa tindrem la certesa de les <strong>hores dedicades<\/strong> del nostre treballador a la <strong>jornada laboral<\/strong> .   <\/p>\n\n<p>D&#8217;altra banda, el treballador s&#8217;assegura un m\u00e8tode en qu\u00e8 pugui quedar <strong>const\u00e0ncia de les hores extres<\/strong> . \u00c9s un sistema que uneix l&#8217;empresari i el treballador, de manera que <strong>protegeix tots dos per igual<\/strong> .   <\/p>\n\n<p>Aquest sistema a m\u00e9s simplifica el <strong>compliment de la llei<\/strong> , conservant els <strong>resums mensuals<\/strong> pel m\u00ednim legal de <strong>4 anys<\/strong> .  <\/p>\n\n<h2 class=\"wp-block-heading\"><strong>Quins requisits legals ha de complir un programari de control horari?<\/strong><\/h2>\n\n<p><\/p>\n\n<ul class=\"wp-block-list\"><li><strong>Inalterable<\/strong> : El registre horari no pot ser alterat un cop hagi estat aprovat per l&#8217;empleat, per la qual cosa qualsevol registre horari en paper no compleix la llei vigent.<\/li><li><strong>Prec\u00eds<\/strong> : Ha de reflectir la jornada laboral d&#8217;un empleat d&#8217;inici i fi de l&#8217;empleat, i poden reflectir les pauses que aquest realitza.<\/li><li><strong>Actualitzat<\/strong> : S&#8217;ha de completar di\u00e0riament, per la qual cosa no podem emplenar-ho a inici o final de mes. Independentment, de si un empleat est\u00e0 teletreballant. Per aquest motiu, el programari de control horari m\u00e9s recomanat per a Pimes s\u00f3n els que usen una App m\u00f2bil perqu\u00e8 els empleats registrin la seva jornada laboral.  <\/li><li><strong>Disponible<\/strong> : En cas d&#8217;inspecci\u00f3 de treball, ha d&#8217;estar disponible immediatament. Per tant, si perds el registre horari o no est\u00e0 disponible perqu\u00e8 algun dels empleats est\u00e0 teletreballant, tens un problema. La millor opci\u00f3 continua sent un programari de control horari que et permet consultar-lo en qualsevol moment.  <\/li><\/ul>\n\n<p><\/p>\n\n<h2 class=\"wp-block-heading\"><strong>\u00c9s important complir la llei vigent de registre horari?<\/strong><\/h2>\n\n<p>Sobretot un <strong>programari de control horari ens assegura que complim amb la llei vigent<\/strong> i <strong>evitem sancions<\/strong> que poden arribar als 6.000 \u20ac per a empreses petites o de molt m\u00e9s import per a empreses m\u00e9s grans.<\/p>\n\n<p><\/p>\n\n<h2 class=\"wp-block-heading\">7 passos Com trio el millor programari de control horari?<\/h2>\n\n<p><\/p>\n\n<h3 class=\"wp-block-heading\"><strong>1.- F\u00e0cil instal\u00b7laci\u00f3:<\/strong><\/h3>\n\n<p>Assegureu-vos de contractar un programari que no requereixi de gaires coneixements i sigui intu\u00eftiu. La majoria de solucions actuals s\u00f3n programaris de control dhorari laboral molt complicats i dif\u00edcils de configurar. <strong>El meu Registre<\/strong> us ofereix una experi\u00e8ncia \u00fanica, amb nom\u00e9s 30 minuts al mes pots gestionar tots els <strong>requisits legals per complir amb la llei vigent<\/strong> . <\/p>\n\n<h3 class=\"wp-block-heading\"><strong>2.- Simplicitat:<\/strong><\/h3>\n\n<p>La import\u00e0ncia rau en la <strong>simplicitat del funcionament<\/strong> , ja que ni empresari ni treballador volen perdre el temps fent processos burocr\u00e0tics. Aix\u00ed que necessites un <strong>programari senzill<\/strong> que permeti complir la llei vigent. <\/p>\n\n<p>La simplicitat \u00e9s el punt de partida per a l&#8217; <strong>elecci\u00f3 del programari de control d&#8217;horari<\/strong> , ja que no volem invertir hores i hores en programari complicat. Volem un programari simple i r\u00e0pid que ens permeti complir la legislaci\u00f3 vigent! <\/p>\n\n<h3 class=\"wp-block-heading\"><strong>3.- Visualitzaci\u00f3 dels horaris:<\/strong><\/h3>\n\n<p>Assegura&#8217;t que pots <strong>con\u00e8ixer si un empleat no compleix<\/strong> completament <strong>les hores laborals<\/strong> assignades o s&#8217;absenta indegudament. En aquest cas, aquest tipus de control horari permet aplicar les sancions o els avisos pertinents que es requereixi.   <\/p>\n\n<h3 class=\"wp-block-heading\"><strong>4.- Informes mensuals:<\/strong><\/h3>\n\n<p>Un bon programari de control d&#8217;horari laboral us permet fer <strong>totes les gestions online<\/strong> , per\u00f2 tamb\u00e9 us permet descarregar o imprimir el seguiment mensual dels vostres empleats per al vostre control o en cas d&#8217;inspecci\u00f3, en nom\u00e9s 2 clics.<\/p>\n\n<h3 class=\"wp-block-heading\"><strong>5.- Gesti\u00f3 de festius:<\/strong><\/h3>\n\n<p>Quan vols configurar les jornades laborals dels teus empleats, sens dubte vols que el programari control horari del meu registre et faciliti els <strong>dies festius estatals<\/strong> , de la <strong>comunitat aut\u00f2noma<\/strong> o del <strong>municipi<\/strong> perqu\u00e8 no els hagis de buscar.<\/p>\n\n<h3 class=\"wp-block-heading\"><strong>6.- Accessible des d&#8217;una App per a empleats:<\/strong><\/h3>\n\n<p>Segur que no vols invertir en sistemes de fitxatge fixos o barreres d&#8217;entrada que no et <strong>permetrien registrar el teletreball<\/strong> . Per aquest motiu vols aprofitar els m\u00f2bils dels empleats perqu\u00e8 gestionin la seva <strong>jornada laboral amb un sol clic<\/strong> diari. <\/p>\n\n<h3 class=\"wp-block-heading\"><strong>7.- Complir amb la llei vigent:<\/strong><\/h3>\n\n<p>Sent <strong>transparents la llei del registre horari<\/strong> , \u00e9s una llei nova que est\u00e0 evolucionant i la interpretaci\u00f3 que fan els inspectors de treball tamb\u00e9. Per aquest motiu vols un programari de control dhorari laboral que tingui revisions legals peri\u00f2dicament amb advocats assessors i que mantinguin el <strong>programari actualitzat<\/strong> per complir amb la llei. Actualment, veiem que la majoria de solucions al mercat no compleixen la legislaci\u00f3, per\u00f2 des del meu Registre tenim el comprom\u00eds de seguir treballant amb els advocats per revisar les noves implementacions legals i aix\u00ed oferir-te el millor i m\u00e9s segur sistema de control horari laboral.  <\/p>\n","protected":false},"excerpt":{"rendered":"<p>Avui dia, el control horari ha esdevingut un tema candent entre les empreses. El Real Decreto-llei 8\/2019&#8230; <\/p>\n","protected":false},"author":66,"featured_media":0,"comment_status":"closed","ping_status":"open","sticky":false,"template":"","format":"standard","meta":{"_acf_changed":false,"inline_featured_image":false,"footnotes":""},"categories":[93],"tags":[],"class_list":["post-14981","post","type-post","status-publish","format-standard","hentry","category-novetats"],"acf":[],"yoast_head":"<!-- This site is optimized with the Yoast SEO plugin v27.5 - https:\/\/yoast.com\/product\/yoast-seo-wordpress\/ -->\n<title>Qu\u00e8 \u00e9s el m\u00e9s important en un programari control horari? El meu Registre<\/title>\n<meta name=\"description\" content=\"Programari de Control d&#039;Horari i Pres\u00e8ncia de Jornada Laboral us ajuda a descobrir la import\u00e0ncia del programari per a fitxatge d&#039;empleats.\" \/>\n<meta name=\"robots\" content=\"noindex, follow, max-snippet:-1, max-image-preview:large, max-video-preview:-1\" \/>\n<meta property=\"og:locale\" content=\"ca_ES\" \/>\n<meta property=\"og:type\" content=\"article\" \/>\n<meta property=\"og:title\" content=\"Qu\u00e8 \u00e9s el m\u00e9s important en un programari control horari? El meu Registre\" \/>\n<meta property=\"og:description\" content=\"Programari de Control d&#039;Horari i Pres\u00e8ncia de Jornada Laboral us ajuda a descobrir la import\u00e0ncia del programari per a fitxatge d&#039;empleats.\" \/>\n<meta property=\"og:url\" content=\"https:\/\/mi-registro.net\/ca\/novetats\/que-es-el-mes-important-en-un-programari-control-horari\/\" \/>\n<meta property=\"og:site_name\" content=\"Mi Registro\" \/>\n<meta property=\"article:published_time\" content=\"2026-02-03T15:19:56+00:00\" \/>\n<meta property=\"article:modified_time\" content=\"2026-02-03T15:19:57+00:00\" \/>\n<meta name=\"author\" content=\"wwwarcelona\" \/>\n<meta name=\"twitter:card\" content=\"summary_large_image\" \/>\n<meta name=\"twitter:label1\" content=\"Escrit per\" \/>\n\t<meta name=\"twitter:data1\" content=\"wwwarcelona\" \/>\n\t<meta name=\"twitter:label2\" content=\"Temps estimat de lectura\" \/>\n\t<meta name=\"twitter:data2\" content=\"4 minuts\" \/>\n<!-- \/ Yoast SEO plugin. -->","yoast_head_json":{"title":"Qu\u00e8 \u00e9s el m\u00e9s important en un programari control horari? El meu Registre","description":"Programari de Control d'Horari i Pres\u00e8ncia de Jornada Laboral us ajuda a descobrir la import\u00e0ncia del programari per a fitxatge d'empleats.","robots":{"index":"noindex","follow":"follow","max-snippet":"max-snippet:-1","max-image-preview":"max-image-preview:large","max-video-preview":"max-video-preview:-1"},"og_locale":"ca_ES","og_type":"article","og_title":"Qu\u00e8 \u00e9s el m\u00e9s important en un programari control horari? El meu Registre","og_description":"Programari de Control d'Horari i Pres\u00e8ncia de Jornada Laboral us ajuda a descobrir la import\u00e0ncia del programari per a fitxatge d'empleats.","og_url":"https:\/\/mi-registro.net\/ca\/novetats\/que-es-el-mes-important-en-un-programari-control-horari\/","og_site_name":"Mi Registro","article_published_time":"2026-02-03T15:19:56+00:00","article_modified_time":"2026-02-03T15:19:57+00:00","author":"wwwarcelona","twitter_card":"summary_large_image","twitter_misc":{"Escrit per":"wwwarcelona","Temps estimat de lectura":"4 minuts"},"schema":{"@context":"https:\/\/schema.org","@graph":[{"@type":"Article","@id":"https:\/\/mi-registro.net\/ca\/novetats\/que-es-el-mes-important-en-un-programari-control-horari\/#article","isPartOf":{"@id":"https:\/\/mi-registro.net\/ca\/novetats\/que-es-el-mes-important-en-un-programari-control-horari\/"},"author":{"name":"wwwarcelona","@id":"https:\/\/mi-registro.net\/#\/schema\/person\/a6ad14a55ed9e77c06e5e289b559205b"},"headline":"Qu\u00e8 \u00e9s el m\u00e9s important en un programari control horari?","datePublished":"2026-02-03T15:19:56+00:00","dateModified":"2026-02-03T15:19:57+00:00","mainEntityOfPage":{"@id":"https:\/\/mi-registro.net\/ca\/novetats\/que-es-el-mes-important-en-un-programari-control-horari\/"},"wordCount":836,"publisher":{"@id":"https:\/\/mi-registro.net\/#organization"},"articleSection":["Novetats"],"inLanguage":"ca"},{"@type":"WebPage","@id":"https:\/\/mi-registro.net\/ca\/novetats\/que-es-el-mes-important-en-un-programari-control-horari\/","url":"https:\/\/mi-registro.net\/ca\/novetats\/que-es-el-mes-important-en-un-programari-control-horari\/","name":"Qu\u00e8 \u00e9s el m\u00e9s important en un programari control horari? El meu Registre","isPartOf":{"@id":"https:\/\/mi-registro.net\/#website"},"datePublished":"2026-02-03T15:19:56+00:00","dateModified":"2026-02-03T15:19:57+00:00","description":"Programari de Control d'Horari i Pres\u00e8ncia de Jornada Laboral us ajuda a descobrir la import\u00e0ncia del programari per a fitxatge d'empleats.","breadcrumb":{"@id":"https:\/\/mi-registro.net\/ca\/novetats\/que-es-el-mes-important-en-un-programari-control-horari\/#breadcrumb"},"inLanguage":"ca","potentialAction":[{"@type":"ReadAction","target":["https:\/\/mi-registro.net\/ca\/novetats\/que-es-el-mes-important-en-un-programari-control-horari\/"]}]},{"@type":"BreadcrumbList","@id":"https:\/\/mi-registro.net\/ca\/novetats\/que-es-el-mes-important-en-un-programari-control-horari\/#breadcrumb","itemListElement":[{"@type":"ListItem","position":1,"name":"Portada","item":"https:\/\/mi-registro.net\/ca\/el-meu-registre\/"},{"@type":"ListItem","position":2,"name":"Qu\u00e8 \u00e9s el m\u00e9s important en un programari control horari?"}]},{"@type":"WebSite","@id":"https:\/\/mi-registro.net\/#website","url":"https:\/\/mi-registro.net\/","name":"Mi Registro","description":"Control Horario Trabajadores - Simple y Econ\u00f3mico","publisher":{"@id":"https:\/\/mi-registro.net\/#organization"},"potentialAction":[{"@type":"SearchAction","target":{"@type":"EntryPoint","urlTemplate":"https:\/\/mi-registro.net\/?s={search_term_string}"},"query-input":{"@type":"PropertyValueSpecification","valueRequired":true,"valueName":"search_term_string"}}],"inLanguage":"ca"},{"@type":"Organization","@id":"https:\/\/mi-registro.net\/#organization","name":"Mi-registro","url":"https:\/\/mi-registro.net\/","logo":{"@type":"ImageObject","inLanguage":"ca","@id":"https:\/\/mi-registro.net\/#\/schema\/logo\/image\/","url":"https:\/\/mi-registro.net\/wp-content\/uploads\/2021\/05\/logo.svg","contentUrl":"https:\/\/mi-registro.net\/wp-content\/uploads\/2021\/05\/logo.svg","width":210,"height":75,"caption":"Mi-registro"},"image":{"@id":"https:\/\/mi-registro.net\/#\/schema\/logo\/image\/"}},{"@type":"Person","@id":"https:\/\/mi-registro.net\/#\/schema\/person\/a6ad14a55ed9e77c06e5e289b559205b","name":"wwwarcelona","image":{"@type":"ImageObject","inLanguage":"ca","@id":"https:\/\/secure.gravatar.com\/avatar\/76edc0f7df0de110ae12eee50aa2669bcb42057dbca5433373eed35d648071cd?s=96&d=mm&r=g","url":"https:\/\/secure.gravatar.com\/avatar\/76edc0f7df0de110ae12eee50aa2669bcb42057dbca5433373eed35d648071cd?s=96&d=mm&r=g","contentUrl":"https:\/\/secure.gravatar.com\/avatar\/76edc0f7df0de110ae12eee50aa2669bcb42057dbca5433373eed35d648071cd?s=96&d=mm&r=g","caption":"wwwarcelona"}}]}},"_links":{"self":[{"href":"https:\/\/mi-registro.net\/ca\/wp-json\/wp\/v2\/posts\/14981","targetHints":{"allow":["GET"]}}],"collection":[{"href":"https:\/\/mi-registro.net\/ca\/wp-json\/wp\/v2\/posts"}],"about":[{"href":"https:\/\/mi-registro.net\/ca\/wp-json\/wp\/v2\/types\/post"}],"author":[{"embeddable":true,"href":"https:\/\/mi-registro.net\/ca\/wp-json\/wp\/v2\/users\/66"}],"replies":[{"embeddable":true,"href":"https:\/\/mi-registro.net\/ca\/wp-json\/wp\/v2\/comments?post=14981"}],"version-history":[{"count":1,"href":"https:\/\/mi-registro.net\/ca\/wp-json\/wp\/v2\/posts\/14981\/revisions"}],"predecessor-version":[{"id":14982,"href":"https:\/\/mi-registro.net\/ca\/wp-json\/wp\/v2\/posts\/14981\/revisions\/14982"}],"wp:attachment":[{"href":"https:\/\/mi-registro.net\/ca\/wp-json\/wp\/v2\/media?parent=14981"}],"wp:term":[{"taxonomy":"category","embeddable":true,"href":"https:\/\/mi-registro.net\/ca\/wp-json\/wp\/v2\/categories?post=14981"},{"taxonomy":"post_tag","embeddable":true,"href":"https:\/\/mi-registro.net\/ca\/wp-json\/wp\/v2\/tags?post=14981"}],"curies":[{"name":"wp","href":"https:\/\/api.w.org\/{rel}","templated":true}]}}