{"id":14988,"date":"2026-02-03T15:20:05","date_gmt":"2026-02-03T15:20:05","guid":{"rendered":"https:\/\/mi-registro.net\/sense-categoria\/programa-control-dhores-treballades-quin-es-el-mes-adequat\/"},"modified":"2026-02-03T15:20:05","modified_gmt":"2026-02-03T15:20:05","slug":"programa-control-dhores-treballades-quin-es-el-mes-adequat","status":"publish","type":"post","link":"https:\/\/mi-registro.net\/ca\/novetats\/programa-control-dhores-treballades-quin-es-el-mes-adequat\/","title":{"rendered":"Programa control d&#8217;hores Treballades Quin \u00e9s el m\u00e9s adequat?"},"content":{"rendered":"\t\t<div data-elementor-type=\"wp-post\" data-elementor-id=\"14988\" class=\"elementor elementor-14988 elementor-4866\" data-elementor-post-type=\"post\">\n\t\t\t\t<div class=\"elementor-element elementor-element-7652fb e-flex e-con-boxed e-con e-parent\" data-id=\"7652fb\" data-element_type=\"container\" data-e-type=\"container\">\n\t\t\t\t\t<div class=\"e-con-inner\">\n\t\t\t\t<div class=\"elementor-element elementor-element-159370e6 elementor-widget elementor-widget-text-editor\" data-id=\"159370e6\" data-element_type=\"widget\" data-e-type=\"widget\" data-widget_type=\"text-editor.default\">\n\t\t\t\t<div class=\"elementor-widget-container\">\n\t\t\t\t\t\t\t\t\t\n<p>Mantenir un <strong>control de les jornades laborals<\/strong> dels nostres treballadors \u00e9s essencial per complir la legalitat a totes les empreses d&#8217;aquest pa\u00eds i, a m\u00e9s, permet <strong>millorar l&#8217;estructura laboral<\/strong> de la nostra companyia.<\/p>\n\n\n\n<p>Actualment al mercat han sortit m\u00faltiples opcions que ens <strong>permeten complir amb la llei<\/strong> per\u00f2, <strong>quina \u00e9s l&#8217;eina de control d&#8217;hores treballades m\u00e9s adequada per a la meva empresa?<\/strong><\/p>\n\n\n\n<p>Per resoldre dubtes hem realitzat una <strong>comparativa<\/strong> dels programes de control d&#8217;hores i per fitxar a la feina existents perqu\u00e8 <strong>puguis triar quina \u00e9s la que millor s&#8217;adapta als teus interessos<\/strong> .<\/p>\n\n\n\n<h2>Qu\u00e8 hem de saber sobre un programari de control horari?<\/h2>\n\n\n\n<p>La funci\u00f3 principal que ha de cercar tota empresa \u00e9s la simplificaci\u00f3 de treball. Per aix\u00f2 \u00e9s important cercar una eina que pugui registrar la jornada dels teus treballadors de forma f\u00e0cil, intu\u00eftiva i senzilla. Un sistema efectiu i alhora simple ens ajudar\u00e0 a fer aquest tr\u00e0mit legal una rutina di\u00e0ria pr\u00e0cticament imperceptible.  <\/p>\n\n\n\n<h3>Aqu\u00ed us presentem les 5 millors Eines de gesti\u00f3 d\u00b4horaris i control d\u00b4hores treballades:<\/h3>\n\n\n\n<h2>1.- <a href=\"https:\/\/mi-registro.net\/ca\/\" target=\"_blank\" rel=\"noreferrer noopener\">El meu Registre<\/a><\/h2>\n\n\n\n<p>\u00c9s el programari de control horari de <strong>gesti\u00f3 m\u00e9s f\u00e0cil i flexible<\/strong> , perfecte per a tot tipus d&#8217;empresa gr\u00e0cies a la seva aplicaci\u00f3 m\u00f2bil que permet el fitxatge d&#8217;hores treballades de manera <strong>presencial<\/strong> o <strong>remota<\/strong> .<\/p>\n\n\n\n<p>El meu registre \u00e9s un sistema amb una interf\u00edcie de molt f\u00e0cil \u00fas, tant <strong>per a l&#8217;empresari<\/strong> com <strong>per al treballador<\/strong> . L&#8217;empresari disposa d&#8217;un panell web on configura els horaris dels empleats i monitoritza les seves jornades laborals, nom\u00e9s amb 30 minuts al mes pots complir amb la llei vigent. <\/p>\n\n\n\n<p>A m\u00e9s <strong>no requereix cap dispositiu addicional<\/strong> , ja que els empleats <strong>aproven<\/strong> o <strong>modifiquen<\/strong> les seves <strong>jornades laborals des<\/strong> del seu mateix m\u00f2bil amb <strong>una App<\/strong> . F\u00e0cilment gestionable, \u00e9s un programa per fitxar a la feina adaptat a tots els nivells d&#8217;usuaris. <\/p>\n\n\n\n<p>Permet la <strong>flexibilitat laboral<\/strong> , aix\u00ed com assignar horaris de treball establerts totalment personalitzables a cadascun dels seus treballadors.<\/p>\n\n\n\n<p>Podr\u00e0s <strong>controlar hores extres<\/strong> , <strong>abs\u00e8ncies<\/strong> i monitoritzar els <strong>horaris dels teus treballadors<\/strong> f\u00e0cilment. A m\u00e9s et facilita els dies <strong>festius estatals, comunitaris o per municipi<\/strong> , cosa que t&#8217;estalvia temps i errors. <\/p>\n\n\n\n<p>Tamb\u00e9 compta amb un sistema de <strong>notificacions<\/strong> diari, amb el qual, Oblida&#8217;t de badades per part dels teus empleats!<\/p>\n\n\n\n<p><strong>El meu Registre<\/strong> \u00e9s sens dubte, una de les millors solucions que hi ha actualment. Un magn\u00edfic <strong>programa de control d&#8217;hores treballades<\/strong> gestionable des de qualsevol dispositiu que evita c\u00e0rrecs costosos i gestiona el <strong>compliment de la nova llei<\/strong> amb m\u00e9s facilitat i flexibilitat. <\/p>\n\n\n\n<h3>2.- Cezanne HR<\/h3>\n\n\n\n<p>Aquest sistema permet fer el fitxatge de lusuari a lentrada ia la sortida de loficina a trav\u00e9s del seu usuari. Podr\u00e0 fer <strong>&#8211; ho a trav\u00e9s del PC o de la tauleta<\/strong> . En el cas de treballadors en remot, haurien de fer l&#8217;inici de la seva jornada a trav\u00e9s del PC d&#8217;empresa, cosa que <strong>representa un problema per a comercials que no tenen accessibilitat a aquest dispositiu<\/strong> .  <\/p>\n\n\n\n<p>Cezanne tamb\u00e9 genera informes de cadascun dels treballadors: vacances, abs\u00e8ncies, retards i hores extres.<\/p>\n\n\n\n<p>Compte amb un <strong>sistema de geolocalitzaci\u00f3<\/strong> que permet con\u00e8ixer des de quina ubicaci\u00f3 es troba cadascun dels nostres empleats. Encara que no es requereix per al compliment de la llei i <strong>implica una invasi\u00f3 de la privadesa dels empleats<\/strong> , per la qual cosa alguns d&#8217; ells <strong>podrien rebutjar &#8211; ne l&#8217; \u00fas<\/strong> . <\/p>\n\n\n\n<h3>3.- Sage Control horari<\/h3>\n\n\n\n<p>Aquesta soluci\u00f3 de gesti\u00f3 de <strong>control horari<\/strong> permet actualitzar i treballar col\u00b7laboratiu des del m\u00f2bil. \u00c9s una eina pensada per treballar en la nova normalitat. Programa control d&#8217;hores treballades que permet als empleats fitxar a qualsevol lloc i circumst\u00e0ncia.  <\/p>\n\n\n\n<p>Amb Sage Horari, els teus treballadors podran sol\u00b7licitar des d&#8217;un espai de comunicaci\u00f3 interna, vacances i abs\u00e8ncies. Aix\u00f2 permet a RRHH estar informat al moment de qualsevol canvi. <\/p>\n\n\n\n<p>De la mateixa manera, els teus empleats podran realitzar tasques i gestions a trav\u00e9s de l&#8217;app.<\/p>\n\n\n\n<h3>4.- Zucchetti Spain: HR Infinity<\/h3>\n\n\n\n<p>Zucchetti \u00e9s un programari de gesti\u00f3 integral per a recursos humans. \u00c9s un sistema amb una gran capacitat de configuraci\u00f3 i adaptaci\u00f3 a les necessitats del teu negoci. <\/p>\n\n\n\n<p>\u00c9s accessible des de diversos <strong>dispositius com PC o tablet<\/strong> . Les seves <strong>funcionalitats en m\u00f2bil<\/strong> es veuen <strong>lleugerament redu\u00efdes,<\/strong> encara que mant\u00e9 la seva alta capacitat de gesti\u00f3. <\/p>\n\n\n\n<p>Aquest sistema compta amb Portal per a Empleats, gestions del treballador, parts laborals, pressupostos, costos dels treballadors, entre d&#8217;altres.<\/p>\n\n\n\n<p>Aix\u00ed mateix, permet que els empleats compleixin el seu <strong>registre horari nom\u00e9s a trav\u00e9s de la web<\/strong> . Des de la qual es podran monitoritzar hores emplenades, hores extres, vacances, abs\u00e8ncies o parts de baixa. <\/p>\n\n\n\n<p>\u00c9s un sistema integral que abasta en gran part el treball de recursos humans amb un cost superior a altres sistemes de gesti\u00f3 de menor engranatge.<\/p>\n\n\n\n<p>Com que \u00e9s una bona eina per a la gesti\u00f3 dels recursos humans, \u00e9s <strong>massa complexa<\/strong> per complir amb el nostre objectiu, complir amb la legislaci\u00f3 vigent de control horari. A m\u00e9s, les <strong>limitacions d&#8217;\u00fas per a m\u00f2bil complica<\/strong> les <strong>tasques a comercials<\/strong> , <strong>operaris<\/strong> o altres que no estan tot el dia davant de l&#8217;ordinador. <\/p>\n\n\n\n<h3>5.- Robotics: Visual Time One<\/h3>\n\n\n\n<p>Robotics \u00e9s un sistema integral de registre de jornada que aporta m\u00faltiples opcions per complir les normatives vigents.<\/p>\n\n\n\n<p>Els teus empleats podran gestionar de manera proactiva les sol\u00b7licituds de vacances i les abs\u00e8ncies a trav\u00e9s del portal de l&#8217;empleat o l&#8217;app.<\/p>\n\n\n\n<p>A m\u00e9s, aquesta eina permet portar un registre i control de costos, gestions d&#8217;\u00faltim minut de recursos humans, especialment en multinacionals.<\/p>\n\n\n\n<p>Finalment, aquesta eina permet la comunicaci\u00f3 constant entre empleats i recursos humans, cosa que d\u00f3na pas a una major accessibilitat i transpar\u00e8ncia.<br> En la seva <strong>complexitat<\/strong> podr\u00edem dir que \u00e9s un bon sistema de recursos humans, per\u00f2 la seva <strong>gesti\u00f3 di\u00e0ria per part de l&#8217;empresari o els empleats<\/strong> no est\u00e0 \u00fanicament enfocada a complir la legislaci\u00f3 vigent de control horari. Per tant, seguint la premissa menys \u00e9s m\u00e9s, trobar solucions m\u00e9s senzilles per complir amb el registre laboral facilitar\u00e0 el dia a dia de la teva empresa. <\/p>\n\n\n\n<h2>Conclusi\u00f3:<\/h2>\n\n\n\n<p>Avui dia, trobem solucions molt potents per a la gesti\u00f3 de recursos humans, que a m\u00e9s ofereixen la possibilitat de fer el registre horari. Tot i aix\u00f2, aquestes solucions solen ser m\u00e9s costoses i complicades de gestionar. <\/p>\n\n\n\n<p><strong>Si vols complir amb la llei de registre laboral<\/strong> de manera f\u00e0cil i intu\u00eftiva un <strong>sistema de gesti\u00f3 com El meu Registre<\/strong> facilita la c\u00e0rrega de treball tant per a l&#8217;empresari com per al treballador mentre compleix amb la llei establerta.<\/p>\n\t\t\t\t\t\t\t\t<\/div>\n\t\t\t\t<\/div>\n\t\t\t\t\t<\/div>\n\t\t\t\t<\/div>\n\t\t\t\t<\/div>\n\t\t","protected":false},"excerpt":{"rendered":"<p>Mantenir un control de les jornades laborals dels nostres treballadors \u00e9s essencial per complir la legalitat&#8230;<\/p>\n","protected":false},"author":66,"featured_media":4875,"comment_status":"closed","ping_status":"open","sticky":false,"template":"","format":"standard","meta":{"_acf_changed":false,"inline_featured_image":false,"footnotes":""},"categories":[93],"tags":[],"class_list":["post-14988","post","type-post","status-publish","format-standard","has-post-thumbnail","hentry","category-novetats"],"acf":[],"yoast_head":"<!-- This site is optimized with the Yoast SEO plugin v27.5 - https:\/\/yoast.com\/product\/yoast-seo-wordpress\/ -->\n<title>Programa control d&#039;hores Treballades Quin \u00e9s el m\u00e9s adequat?<\/title>\n<meta name=\"description\" content=\"Tots els elements que cal tenir en compte a l&#039;hora de comptar amb el Millor Programa de Control d&#039;Hores Treballades.\" \/>\n<meta name=\"robots\" content=\"noindex, follow, max-snippet:-1, max-image-preview:large, max-video-preview:-1\" \/>\n<meta property=\"og:locale\" content=\"ca_ES\" \/>\n<meta property=\"og:type\" content=\"article\" \/>\n<meta property=\"og:title\" content=\"Programa control d&#039;hores Treballades Quin \u00e9s el m\u00e9s adequat?\" \/>\n<meta property=\"og:description\" content=\"Tots els elements que cal tenir en compte a l&#039;hora de comptar amb el Millor Programa de Control d&#039;Hores Treballades.\" \/>\n<meta property=\"og:url\" content=\"https:\/\/mi-registro.net\/ca\/novetats\/programa-control-dhores-treballades-quin-es-el-mes-adequat\/\" \/>\n<meta property=\"og:site_name\" content=\"Mi Registro\" \/>\n<meta property=\"article:published_time\" content=\"2026-02-03T15:20:05+00:00\" \/>\n<meta property=\"og:image\" content=\"https:\/\/mi-registro.net\/wp-content\/uploads\/2021\/08\/programa-control-horas-trabajadas.jpg\" \/>\n\t<meta property=\"og:image:width\" content=\"1920\" \/>\n\t<meta property=\"og:image:height\" content=\"1280\" \/>\n\t<meta property=\"og:image:type\" content=\"image\/jpeg\" \/>\n<meta name=\"author\" content=\"wwwarcelona\" \/>\n<meta name=\"twitter:card\" content=\"summary_large_image\" \/>\n<meta name=\"twitter:label1\" content=\"Escrit per\" \/>\n\t<meta name=\"twitter:data1\" content=\"wwwarcelona\" \/>\n\t<meta name=\"twitter:label2\" content=\"Temps estimat de lectura\" \/>\n\t<meta name=\"twitter:data2\" content=\"6 minuts\" \/>\n<!-- \/ Yoast SEO plugin. -->","yoast_head_json":{"title":"Programa control d'hores Treballades Quin \u00e9s el m\u00e9s adequat?","description":"Tots els elements que cal tenir en compte a l'hora de comptar amb el Millor Programa de Control d'Hores Treballades.","robots":{"index":"noindex","follow":"follow","max-snippet":"max-snippet:-1","max-image-preview":"max-image-preview:large","max-video-preview":"max-video-preview:-1"},"og_locale":"ca_ES","og_type":"article","og_title":"Programa control d'hores Treballades Quin \u00e9s el m\u00e9s adequat?","og_description":"Tots els elements que cal tenir en compte a l'hora de comptar amb el Millor Programa de Control d'Hores Treballades.","og_url":"https:\/\/mi-registro.net\/ca\/novetats\/programa-control-dhores-treballades-quin-es-el-mes-adequat\/","og_site_name":"Mi Registro","article_published_time":"2026-02-03T15:20:05+00:00","og_image":[{"width":1920,"height":1280,"url":"https:\/\/mi-registro.net\/wp-content\/uploads\/2021\/08\/programa-control-horas-trabajadas.jpg","type":"image\/jpeg"}],"author":"wwwarcelona","twitter_card":"summary_large_image","twitter_misc":{"Escrit per":"wwwarcelona","Temps estimat de lectura":"6 minuts"},"schema":{"@context":"https:\/\/schema.org","@graph":[{"@type":"Article","@id":"https:\/\/mi-registro.net\/ca\/novetats\/programa-control-dhores-treballades-quin-es-el-mes-adequat\/#article","isPartOf":{"@id":"https:\/\/mi-registro.net\/ca\/novetats\/programa-control-dhores-treballades-quin-es-el-mes-adequat\/"},"author":{"name":"wwwarcelona","@id":"https:\/\/mi-registro.net\/#\/schema\/person\/a6ad14a55ed9e77c06e5e289b559205b"},"headline":"Programa control d&#8217;hores Treballades Quin \u00e9s el m\u00e9s adequat?","datePublished":"2026-02-03T15:20:05+00:00","mainEntityOfPage":{"@id":"https:\/\/mi-registro.net\/ca\/novetats\/programa-control-dhores-treballades-quin-es-el-mes-adequat\/"},"wordCount":1163,"publisher":{"@id":"https:\/\/mi-registro.net\/#organization"},"image":{"@id":"https:\/\/mi-registro.net\/ca\/novetats\/programa-control-dhores-treballades-quin-es-el-mes-adequat\/#primaryimage"},"thumbnailUrl":"https:\/\/mi-registro.net\/wp-content\/uploads\/2021\/08\/programa-control-horas-trabajadas.jpg","articleSection":["Novetats"],"inLanguage":"ca"},{"@type":"WebPage","@id":"https:\/\/mi-registro.net\/ca\/novetats\/programa-control-dhores-treballades-quin-es-el-mes-adequat\/","url":"https:\/\/mi-registro.net\/ca\/novetats\/programa-control-dhores-treballades-quin-es-el-mes-adequat\/","name":"Programa control d'hores Treballades Quin \u00e9s el m\u00e9s adequat?","isPartOf":{"@id":"https:\/\/mi-registro.net\/#website"},"primaryImageOfPage":{"@id":"https:\/\/mi-registro.net\/ca\/novetats\/programa-control-dhores-treballades-quin-es-el-mes-adequat\/#primaryimage"},"image":{"@id":"https:\/\/mi-registro.net\/ca\/novetats\/programa-control-dhores-treballades-quin-es-el-mes-adequat\/#primaryimage"},"thumbnailUrl":"https:\/\/mi-registro.net\/wp-content\/uploads\/2021\/08\/programa-control-horas-trabajadas.jpg","datePublished":"2026-02-03T15:20:05+00:00","description":"Tots els elements que cal tenir en compte a l'hora de comptar amb el Millor Programa de Control d'Hores Treballades.","breadcrumb":{"@id":"https:\/\/mi-registro.net\/ca\/novetats\/programa-control-dhores-treballades-quin-es-el-mes-adequat\/#breadcrumb"},"inLanguage":"ca","potentialAction":[{"@type":"ReadAction","target":["https:\/\/mi-registro.net\/ca\/novetats\/programa-control-dhores-treballades-quin-es-el-mes-adequat\/"]}]},{"@type":"ImageObject","inLanguage":"ca","@id":"https:\/\/mi-registro.net\/ca\/novetats\/programa-control-dhores-treballades-quin-es-el-mes-adequat\/#primaryimage","url":"https:\/\/mi-registro.net\/wp-content\/uploads\/2021\/08\/programa-control-horas-trabajadas.jpg","contentUrl":"https:\/\/mi-registro.net\/wp-content\/uploads\/2021\/08\/programa-control-horas-trabajadas.jpg","width":1920,"height":1280,"caption":"Control de presencia de trabajadores en la empresa"},{"@type":"BreadcrumbList","@id":"https:\/\/mi-registro.net\/ca\/novetats\/programa-control-dhores-treballades-quin-es-el-mes-adequat\/#breadcrumb","itemListElement":[{"@type":"ListItem","position":1,"name":"Portada","item":"https:\/\/mi-registro.net\/ca\/el-meu-registre\/"},{"@type":"ListItem","position":2,"name":"Programa control d&#8217;hores Treballades Quin \u00e9s el m\u00e9s adequat?"}]},{"@type":"WebSite","@id":"https:\/\/mi-registro.net\/#website","url":"https:\/\/mi-registro.net\/","name":"Mi Registro","description":"Control Horario Trabajadores - Simple y Econ\u00f3mico","publisher":{"@id":"https:\/\/mi-registro.net\/#organization"},"potentialAction":[{"@type":"SearchAction","target":{"@type":"EntryPoint","urlTemplate":"https:\/\/mi-registro.net\/?s={search_term_string}"},"query-input":{"@type":"PropertyValueSpecification","valueRequired":true,"valueName":"search_term_string"}}],"inLanguage":"ca"},{"@type":"Organization","@id":"https:\/\/mi-registro.net\/#organization","name":"Mi-registro","url":"https:\/\/mi-registro.net\/","logo":{"@type":"ImageObject","inLanguage":"ca","@id":"https:\/\/mi-registro.net\/#\/schema\/logo\/image\/","url":"https:\/\/mi-registro.net\/wp-content\/uploads\/2021\/05\/logo.svg","contentUrl":"https:\/\/mi-registro.net\/wp-content\/uploads\/2021\/05\/logo.svg","width":210,"height":75,"caption":"Mi-registro"},"image":{"@id":"https:\/\/mi-registro.net\/#\/schema\/logo\/image\/"}},{"@type":"Person","@id":"https:\/\/mi-registro.net\/#\/schema\/person\/a6ad14a55ed9e77c06e5e289b559205b","name":"wwwarcelona","image":{"@type":"ImageObject","inLanguage":"ca","@id":"https:\/\/secure.gravatar.com\/avatar\/76edc0f7df0de110ae12eee50aa2669bcb42057dbca5433373eed35d648071cd?s=96&d=mm&r=g","url":"https:\/\/secure.gravatar.com\/avatar\/76edc0f7df0de110ae12eee50aa2669bcb42057dbca5433373eed35d648071cd?s=96&d=mm&r=g","contentUrl":"https:\/\/secure.gravatar.com\/avatar\/76edc0f7df0de110ae12eee50aa2669bcb42057dbca5433373eed35d648071cd?s=96&d=mm&r=g","caption":"wwwarcelona"}}]}},"_links":{"self":[{"href":"https:\/\/mi-registro.net\/ca\/wp-json\/wp\/v2\/posts\/14988","targetHints":{"allow":["GET"]}}],"collection":[{"href":"https:\/\/mi-registro.net\/ca\/wp-json\/wp\/v2\/posts"}],"about":[{"href":"https:\/\/mi-registro.net\/ca\/wp-json\/wp\/v2\/types\/post"}],"author":[{"embeddable":true,"href":"https:\/\/mi-registro.net\/ca\/wp-json\/wp\/v2\/users\/66"}],"replies":[{"embeddable":true,"href":"https:\/\/mi-registro.net\/ca\/wp-json\/wp\/v2\/comments?post=14988"}],"version-history":[{"count":1,"href":"https:\/\/mi-registro.net\/ca\/wp-json\/wp\/v2\/posts\/14988\/revisions"}],"predecessor-version":[{"id":14989,"href":"https:\/\/mi-registro.net\/ca\/wp-json\/wp\/v2\/posts\/14988\/revisions\/14989"}],"wp:featuredmedia":[{"embeddable":true,"href":"https:\/\/mi-registro.net\/ca\/wp-json\/wp\/v2\/media\/4875"}],"wp:attachment":[{"href":"https:\/\/mi-registro.net\/ca\/wp-json\/wp\/v2\/media?parent=14988"}],"wp:term":[{"taxonomy":"category","embeddable":true,"href":"https:\/\/mi-registro.net\/ca\/wp-json\/wp\/v2\/categories?post=14988"},{"taxonomy":"post_tag","embeddable":true,"href":"https:\/\/mi-registro.net\/ca\/wp-json\/wp\/v2\/tags?post=14988"}],"curies":[{"name":"wp","href":"https:\/\/api.w.org\/{rel}","templated":true}]}}