{"id":15001,"date":"2026-02-03T15:47:11","date_gmt":"2026-02-03T15:47:11","guid":{"rendered":"https:\/\/mi-registro.net\/sense-categoria\/llei-registre-diari-de-jornada-laboral-2021\/"},"modified":"2026-03-31T08:45:25","modified_gmt":"2026-03-31T08:45:25","slug":"llei-registre-diari-de-jornada-laboral-2021","status":"publish","type":"post","link":"https:\/\/mi-registro.net\/ca\/novetats\/llei-registre-diari-de-jornada-laboral-2021\/","title":{"rendered":"Registre de jornada laboral a Espanya 2026: normativa, requisits i sancions"},"content":{"rendered":"\t\t<div data-elementor-type=\"wp-post\" data-elementor-id=\"15001\" class=\"elementor elementor-15001 elementor-75\" data-elementor-post-type=\"post\">\n\t\t\t\t<div class=\"elementor-element elementor-element-66ff511 e-flex e-con-boxed e-con e-parent\" data-id=\"66ff511\" data-element_type=\"container\" data-e-type=\"container\">\n\t\t\t\t\t<div class=\"e-con-inner\">\n\t\t<div class=\"elementor-element elementor-element-c032e88 e-con-full e-flex e-con e-child\" data-id=\"c032e88\" data-element_type=\"container\" data-e-type=\"container\">\n\t\t\t\t<div class=\"elementor-element elementor-element-b4ed1b4 elementor-widget elementor-widget-text-editor\" data-id=\"b4ed1b4\" data-element_type=\"widget\" data-e-type=\"widget\" data-widget_type=\"text-editor.default\">\n\t\t\t\t<div class=\"elementor-widget-container\">\n\t\t\t\t\t\t\t\t\t<p data-start=\"578\" data-end=\"910\">El <a href=\"https:\/\/mi-registro.net\/ca\/\">registre de jornada laboral<\/a> continua sent obligatori a Espanya el 2026 per a totes les empreses amb treballadors per compte d&#8217;altri. Des de la modificaci\u00f3 de l&#8217;article 34.9 de l&#8217;Estatut dels treballadors, les companyies han de garantir un sistema fiable, objectiu i accessible que documenti di\u00e0riament la jornada de cada empleat. <\/p><p data-start=\"912\" data-end=\"1080\">En aquesta guia actualitzada trobar\u00e0s qu\u00e8 exigeix \u200b\u200bla normativa vigent, quines sancions hi ha i com implantar un sistema que superi una inspecci\u00f3 de treball sense riscos.<\/p>\t\t\t\t\t\t\t\t<\/div>\n\t\t\t\t<\/div>\n\t\t\t\t<div class=\"elementor-element elementor-element-aba82c3 elementor-widget elementor-widget-heading\" data-id=\"aba82c3\" data-element_type=\"widget\" data-e-type=\"widget\" data-widget_type=\"heading.default\">\n\t\t\t\t<div class=\"elementor-widget-container\">\n\t\t\t\t\t<h2 class=\"elementor-heading-title elementor-size-default\">\u00c9s obligatori el registre de jornada el 2026?<\/h2>\t\t\t\t<\/div>\n\t\t\t\t<\/div>\n\t\t\t\t<div class=\"elementor-element elementor-element-bd789ab elementor-widget elementor-widget-text-editor\" data-id=\"bd789ab\" data-element_type=\"widget\" data-e-type=\"widget\" data-widget_type=\"text-editor.default\">\n\t\t\t\t<div class=\"elementor-widget-container\">\n\t\t\t\t\t\t\t\t\t<p data-start=\"1157\" data-end=\"1324\">S\u00ed. Totes les empreses a Espanya han de registrar di\u00e0riament la jornada laboral de cada treballador, independentment de la mida de l&#8217;empresa o del tipus de contracte. <\/p><p data-start=\"1326\" data-end=\"1349\">L&#8217;obligaci\u00f3 afecta a:<\/p><ul><li data-start=\"1353\" data-end=\"1380\">Treballadors presencials<\/li><li data-start=\"1383\" data-end=\"1401\">Teletreballadors<\/li><li data-start=\"1404\" data-end=\"1423\">Modalitat h\u00edbrida<\/li><li data-start=\"1426\" data-end=\"1454\">Jornada completa o parcial<\/li><\/ul><p data-start=\"1456\" data-end=\"1494\">L&#8217;empresa ha de registrar com a m\u00ednim:<\/p><ul data-start=\"1496\" data-end=\"1592\"><li data-start=\"1496\" data-end=\"1514\"><p data-start=\"1498\" data-end=\"1514\">Hora d&#8217;inici<\/p><\/li><li data-start=\"1515\" data-end=\"1539\"><p data-start=\"1517\" data-end=\"1539\">Hora de finalitzaci\u00f3<\/p><\/li><li data-start=\"1540\" data-end=\"1566\"><p data-start=\"1542\" data-end=\"1566\">Total d&#8217;hores di\u00e0ries<\/p><\/li><li data-start=\"1567\" data-end=\"1592\"><p data-start=\"1569\" data-end=\"1592\">Hores extraordin\u00e0ries<\/p><\/li><\/ul><p data-start=\"1594\" data-end=\"1691\">Els registres s&#8217;han de conservar durant 4 anys i han d&#8217;estar disponibles per a la Inspecci\u00f3 de Treball.<\/p>\t\t\t\t\t\t\t\t<\/div>\n\t\t\t\t<\/div>\n\t\t\t\t<div class=\"elementor-element elementor-element-3614645 elementor-widget elementor-widget-heading\" data-id=\"3614645\" data-element_type=\"widget\" data-e-type=\"widget\" data-widget_type=\"heading.default\">\n\t\t\t\t<div class=\"elementor-widget-container\">\n\t\t\t\t\t<h2 class=\"elementor-heading-title elementor-size-default\">Marc legal vigent el 2026<\/h2>\t\t\t\t<\/div>\n\t\t\t\t<\/div>\n\t\t\t\t<div class=\"elementor-element elementor-element-2469d12 elementor-widget elementor-widget-text-editor\" data-id=\"2469d12\" data-element_type=\"widget\" data-e-type=\"widget\" data-widget_type=\"text-editor.default\">\n\t\t\t\t<div class=\"elementor-widget-container\">\n\t\t\t\t\t\t\t\t\t<p data-start=\"1748\" data-end=\"1790\">L&#8217;obligaci\u00f3 es regula principalment a:<\/p><ul data-start=\"1792\" data-end=\"1906\"><li data-start=\"1792\" data-end=\"1842\"><p data-start=\"1794\" data-end=\"1842\"><a href=\"http:\/\/chrome-extension:\/\/efaidnbmnnnibpcajpcglclefindmkaj\/https:\/\/www.boe.es\/biblioteca_juridica\/abrir_pdf.php?id=PUB-DT-2025-139\" target=\"_blank\" rel=\"noopener\" data-wplink-url-error=\"true\">Article 34.9 de l&#8217;Estatut dels treballadors<\/a><\/p><\/li><li data-start=\"1843\" data-end=\"1906\"><p data-start=\"1845\" data-end=\"1906\"><a href=\"https:\/\/www.boe.es\/buscar\/act.php?id=BOE-A-2000-15060\" target=\"_blank\" rel=\"noopener\">Llei sobre Infraccions i Sancions a l&#8217;Ordre Social (LISOS)<\/a><\/p><\/li><\/ul><p data-start=\"1908\" data-end=\"2106\">Tot i que el 2026 encara no s&#8217;ha publicat un nou Reial decret definitiu sobre registre digital obligatori, la tend\u00e8ncia normativa apunta cap a sistemes tecnol\u00f2gics amb m\u00e9s tra\u00e7abilitat i control.<\/p>\t\t\t\t\t\t\t\t<\/div>\n\t\t\t\t<\/div>\n\t\t\t\t<\/div>\n\t\t\t\t\t<\/div>\n\t\t\t\t<\/div>\n\t\t<div class=\"elementor-element elementor-element-dfd7d82 e-flex e-con-boxed e-con e-parent\" data-id=\"dfd7d82\" data-element_type=\"container\" data-e-type=\"container\">\n\t\t\t\t\t<div class=\"e-con-inner\">\n\t\t<div class=\"elementor-element elementor-element-2e11d5d e-con-full e-flex e-con e-child\" data-id=\"2e11d5d\" data-element_type=\"container\" data-e-type=\"container\">\n\t\t\t\t<div class=\"elementor-element elementor-element-18f597b elementor-widget elementor-widget-image\" data-id=\"18f597b\" data-element_type=\"widget\" data-e-type=\"widget\" data-widget_type=\"image.default\">\n\t\t\t\t<div class=\"elementor-widget-container\">\n\t\t\t\t\t\t\t\t\t\t\t\t\t\t\t<img fetchpriority=\"high\" decoding=\"async\" width=\"800\" height=\"534\" src=\"https:\/\/mi-registro.net\/wp-content\/uploads\/2020\/02\/pexels-cottonbro-5191391-1024x683.jpg\" class=\"attachment-large size-large wp-image-15132\" alt=\"Registro de jornada laboral\" srcset=\"https:\/\/mi-registro.net\/wp-content\/uploads\/2020\/02\/pexels-cottonbro-5191391-1024x683.jpg 1024w, https:\/\/mi-registro.net\/wp-content\/uploads\/2020\/02\/pexels-cottonbro-5191391-300x200.jpg 300w, https:\/\/mi-registro.net\/wp-content\/uploads\/2020\/02\/pexels-cottonbro-5191391-768x512.jpg 768w, https:\/\/mi-registro.net\/wp-content\/uploads\/2020\/02\/pexels-cottonbro-5191391-1536x1024.jpg 1536w, https:\/\/mi-registro.net\/wp-content\/uploads\/2020\/02\/pexels-cottonbro-5191391-2048x1365.jpg 2048w, https:\/\/mi-registro.net\/wp-content\/uploads\/2020\/02\/pexels-cottonbro-5191391-180x120.jpg 180w, https:\/\/mi-registro.net\/wp-content\/uploads\/2020\/02\/pexels-cottonbro-5191391-360x240.jpg 360w, https:\/\/mi-registro.net\/wp-content\/uploads\/2020\/02\/pexels-cottonbro-5191391-640x427.jpg 640w, https:\/\/mi-registro.net\/wp-content\/uploads\/2020\/02\/pexels-cottonbro-5191391-1366x911.jpg 1366w, https:\/\/mi-registro.net\/wp-content\/uploads\/2020\/02\/pexels-cottonbro-5191391-1600x1067.jpg 1600w, https:\/\/mi-registro.net\/wp-content\/uploads\/2020\/02\/pexels-cottonbro-5191391-1920x1280.jpg 1920w, https:\/\/mi-registro.net\/wp-content\/uploads\/2020\/02\/pexels-cottonbro-5191391-600x400.jpg 600w\" sizes=\"(max-width: 800px) 100vw, 800px\" \/>\t\t\t\t\t\t\t\t\t\t\t\t\t\t\t<\/div>\n\t\t\t\t<\/div>\n\t\t\t\t<\/div>\n\t\t\t\t\t<\/div>\n\t\t\t\t<\/div>\n\t\t<div class=\"elementor-element elementor-element-cbb797b e-flex e-con-boxed e-con e-parent\" data-id=\"cbb797b\" data-element_type=\"container\" data-e-type=\"container\">\n\t\t\t\t\t<div class=\"e-con-inner\">\n\t\t<div class=\"elementor-element elementor-element-dfeb1f5 e-con-full e-flex e-con e-child\" data-id=\"dfeb1f5\" data-element_type=\"container\" data-e-type=\"container\">\n\t\t\t\t<div class=\"elementor-element elementor-element-8a54b14 elementor-widget elementor-widget-heading\" data-id=\"8a54b14\" data-element_type=\"widget\" data-e-type=\"widget\" data-widget_type=\"heading.default\">\n\t\t\t\t<div class=\"elementor-widget-container\">\n\t\t\t\t\t<h2 class=\"elementor-heading-title elementor-size-default\">Requisits que ha de complir el sistema de registre<\/h2>\t\t\t\t<\/div>\n\t\t\t\t<\/div>\n\t\t\t\t<div class=\"elementor-element elementor-element-f541cf7 elementor-widget elementor-widget-text-editor\" data-id=\"f541cf7\" data-element_type=\"widget\" data-e-type=\"widget\" data-widget_type=\"text-editor.default\">\n\t\t\t\t<div class=\"elementor-widget-container\">\n\t\t\t\t\t\t\t\t\t<p>Perqu\u00e8 el registre sigui v\u00e0lid davant d&#8217;una inspecci\u00f3, ha de ser:<\/p><ul><li>Objectiu (no manipulable unilateralment)<\/li><li>Fiable (amb tra\u00e7abilitat de canvis)<\/li><li>Accessible de forma immediata<\/li><li>Conservat durant 4 anys<\/li><li>Complir amb la normativa de protecci\u00f3 de dades (RGPD)<\/li><\/ul><p>L&#8217;\u00fas de l&#8217;Excel o el paper pot suposar riscos si no garanteix inalterabilitat.<\/p>\t\t\t\t\t\t\t\t<\/div>\n\t\t\t\t<\/div>\n\t\t\t\t<div class=\"elementor-element elementor-element-e37c828 elementor-widget elementor-widget-heading\" data-id=\"e37c828\" data-element_type=\"widget\" data-e-type=\"widget\" data-widget_type=\"heading.default\">\n\t\t\t\t<div class=\"elementor-widget-container\">\n\t\t\t\t\t<h2 class=\"elementor-heading-title elementor-size-default\">Ha de ser digital el registre el 2026?<\/h2>\t\t\t\t<\/div>\n\t\t\t\t<\/div>\n\t\t\t\t<div class=\"elementor-element elementor-element-4f74d72 elementor-widget elementor-widget-text-editor\" data-id=\"4f74d72\" data-element_type=\"widget\" data-e-type=\"widget\" data-widget_type=\"text-editor.default\">\n\t\t\t\t<div class=\"elementor-widget-container\">\n\t\t\t\t\t\t\t\t\t<p data-start=\"2604\" data-end=\"2770\">Actualment, la llei no exigeix \u200b\u200bexpressament format digital. Tot i aix\u00f2, la Inspecci\u00f3 de Treball prioritza sistemes que assegurin integritat i tra\u00e7abilitat de les dades. <\/p><p data-start=\"2772\" data-end=\"2808\">La previsi\u00f3 normativa apunta cap a:<\/p><ul data-start=\"2810\" data-end=\"2925\"><li data-start=\"2810\" data-end=\"2840\"><p data-start=\"2812\" data-end=\"2840\">Digitalitzaci\u00f3 obligat\u00f2ria<\/p><\/li><li data-start=\"2841\" data-end=\"2886\"><p data-start=\"2843\" data-end=\"2886\">Major control sobre hores extraordin\u00e0ries<\/p><\/li><li data-start=\"2887\" data-end=\"2925\"><p data-start=\"2889\" data-end=\"2925\">Sistemes verificables t\u00e8cnicament<\/p><\/li><\/ul><p data-start=\"2927\" data-end=\"2979\">Avan\u00e7ar-se a aquesta tend\u00e8ncia redueix riscos futurs.<\/p>\t\t\t\t\t\t\t\t<\/div>\n\t\t\t\t<\/div>\n\t\t\t\t<div class=\"elementor-element elementor-element-52b5673 elementor-widget elementor-widget-heading\" data-id=\"52b5673\" data-element_type=\"widget\" data-e-type=\"widget\" data-widget_type=\"heading.default\">\n\t\t\t\t<div class=\"elementor-widget-container\">\n\t\t\t\t\t<h2 class=\"elementor-heading-title elementor-size-default\">Sancions per incompliment el 2026<\/h2>\t\t\t\t<\/div>\n\t\t\t\t<\/div>\n\t\t\t\t<div class=\"elementor-element elementor-element-f376cf9 elementor-widget elementor-widget-text-editor\" data-id=\"f376cf9\" data-element_type=\"widget\" data-e-type=\"widget\" data-widget_type=\"text-editor.default\">\n\t\t\t\t<div class=\"elementor-widget-container\">\n\t\t\t\t\t\t\t\t\t<p data-start=\"3045\" data-end=\"3123\">No disposar de registre o fer-ho incorrectament constitueix infracci\u00f3 greu.<\/p><p data-start=\"3125\" data-end=\"3160\">Les sancions poden oscil\u00b7lar entre:<\/p><ul data-start=\"3162\" data-end=\"3247\"><li data-start=\"3162\" data-end=\"3196\"><p data-start=\"3164\" data-end=\"3196\">751 \u20ac i 7.500 \u20ac per infracci\u00f3<\/p><\/li><li data-start=\"3197\" data-end=\"3247\"><p data-start=\"3199\" data-end=\"3247\">Sancions acumulatives per treballador afectat<\/p><\/li><\/ul><p data-start=\"3249\" data-end=\"3343\">A m\u00e9s, la manca de registre inverteix la c\u00e0rrega de la prova en reclamacions per hores extres.<\/p>\t\t\t\t\t\t\t\t<\/div>\n\t\t\t\t<\/div>\n\t\t\t\t<div class=\"elementor-element elementor-element-6eb4f25 elementor-widget elementor-widget-heading\" data-id=\"6eb4f25\" data-element_type=\"widget\" data-e-type=\"widget\" data-widget_type=\"heading.default\">\n\t\t\t\t<div class=\"elementor-widget-container\">\n\t\t\t\t\t<h2 class=\"elementor-heading-title elementor-size-default\">Com implantar correctament el registre de jornada<\/h2>\t\t\t\t<\/div>\n\t\t\t\t<\/div>\n\t\t\t\t<div class=\"elementor-element elementor-element-82f3901 elementor-widget elementor-widget-text-editor\" data-id=\"82f3901\" data-element_type=\"widget\" data-e-type=\"widget\" data-widget_type=\"text-editor.default\">\n\t\t\t\t<div class=\"elementor-widget-container\">\n\t\t\t\t\t\t\t\t\t<p data-start=\"3424\" data-end=\"3474\">Per complir correctament el 2026, es recomana:<\/p><ol data-start=\"3476\" data-end=\"3688\"><li data-start=\"3476\" data-end=\"3517\"><p data-start=\"3479\" data-end=\"3517\">Implantar un <a href=\"https:\/\/mi-registro.net\/ca\/\">programari de registre horari especialitzat<\/a> .<\/p><\/li><li data-start=\"3518\" data-end=\"3567\"><p data-start=\"3521\" data-end=\"3567\">Establir un protocol intern documentat.<\/p><\/li><li data-start=\"3568\" data-end=\"3613\"><p data-start=\"3571\" data-end=\"3613\">Informar formalment els treballadors.<\/p><\/li><li data-start=\"3614\" data-end=\"3648\"><p data-start=\"3617\" data-end=\"3648\">Garantir compliment <a href=\"https:\/\/eur-lex.europa.eu\/ES\/legal-content\/summary\/general-data-protection-regulation-gdpr.html\" target=\"_blank\" rel=\"noopener\">RGPD<\/a> .<\/p><\/li><li data-start=\"3649\" data-end=\"3688\"><p data-start=\"3652\" data-end=\"3688\">Revisar peri\u00f2dicament el sistema.<\/p><\/li><\/ol><p data-start=\"3690\" data-end=\"3773\">Un sistema professional no nom\u00e9s evita sancions, sin\u00f3 que millora la gesti\u00f3 interna.<\/p>\t\t\t\t\t\t\t\t<\/div>\n\t\t\t\t<\/div>\n\t\t\t\t<\/div>\n\t\t\t\t\t<\/div>\n\t\t\t\t<\/div>\n\t\t\t\t<\/div>\n\t\t","protected":false},"excerpt":{"rendered":"<p>Encara que el 2026 encara no s&#8217;ha publicat un nou Reial decret definitiu sobre registre digital obligatori, la tend\u00e8ncia normativa apunta cap a sistemes tecnol\u00f2gics amb m\u00e9s tra\u00e7abilitat i control.<\/p>\n","protected":false},"author":66,"featured_media":15127,"comment_status":"closed","ping_status":"closed","sticky":false,"template":"elementor_theme","format":"standard","meta":{"_acf_changed":false,"inline_featured_image":false,"footnotes":""},"categories":[93],"tags":[],"class_list":["post-15001","post","type-post","status-publish","format-standard","has-post-thumbnail","hentry","category-novetats"],"acf":[],"yoast_head":"<!-- This site is optimized with the Yoast SEO plugin v27.5 - https:\/\/yoast.com\/product\/yoast-seo-wordpress\/ -->\n<title>Com gestionar la Llei de Registre Diari de Jornada Laboral?<\/title>\n<meta name=\"description\" content=\"No saps com ha de ser el Registre Diari de Jornada Laboral? El meu registre t&#039;ajuda a gestionar c\u00f2modament les Jornades de Treball.\" \/>\n<meta name=\"robots\" content=\"noindex, follow, max-snippet:-1, max-image-preview:large, max-video-preview:-1\" \/>\n<meta property=\"og:locale\" content=\"ca_ES\" \/>\n<meta property=\"og:type\" content=\"article\" \/>\n<meta property=\"og:title\" content=\"Com gestionar la Llei de Registre Diari de Jornada Laboral?\" \/>\n<meta property=\"og:description\" content=\"No saps com ha de ser el Registre Diari de Jornada Laboral? El meu registre t&#039;ajuda a gestionar c\u00f2modament les Jornades de Treball.\" \/>\n<meta property=\"og:url\" content=\"https:\/\/mi-registro.net\/ca\/novetats\/llei-registre-diari-de-jornada-laboral-2021\/\" \/>\n<meta property=\"og:site_name\" content=\"Mi Registro\" \/>\n<meta property=\"article:published_time\" content=\"2026-02-03T15:47:11+00:00\" \/>\n<meta property=\"article:modified_time\" content=\"2026-03-31T08:45:25+00:00\" \/>\n<meta property=\"og:image\" content=\"https:\/\/mi-registro.net\/wp-content\/uploads\/2020\/02\/pexels-karola-g-7680750-scaled.jpg\" \/>\n\t<meta property=\"og:image:width\" content=\"1707\" \/>\n\t<meta property=\"og:image:height\" content=\"2560\" \/>\n\t<meta property=\"og:image:type\" content=\"image\/jpeg\" \/>\n<meta name=\"author\" content=\"wwwarcelona\" \/>\n<meta name=\"twitter:card\" content=\"summary_large_image\" \/>\n<meta name=\"twitter:label1\" content=\"Escrit per\" \/>\n\t<meta name=\"twitter:data1\" content=\"wwwarcelona\" \/>\n\t<meta name=\"twitter:label2\" content=\"Temps estimat de lectura\" \/>\n\t<meta name=\"twitter:data2\" content=\"2 minuts\" \/>\n<!-- \/ Yoast SEO plugin. -->","yoast_head_json":{"title":"Com gestionar la Llei de Registre Diari de Jornada Laboral?","description":"No saps com ha de ser el Registre Diari de Jornada Laboral? El meu registre t'ajuda a gestionar c\u00f2modament les Jornades de Treball.","robots":{"index":"noindex","follow":"follow","max-snippet":"max-snippet:-1","max-image-preview":"max-image-preview:large","max-video-preview":"max-video-preview:-1"},"og_locale":"ca_ES","og_type":"article","og_title":"Com gestionar la Llei de Registre Diari de Jornada Laboral?","og_description":"No saps com ha de ser el Registre Diari de Jornada Laboral? El meu registre t'ajuda a gestionar c\u00f2modament les Jornades de Treball.","og_url":"https:\/\/mi-registro.net\/ca\/novetats\/llei-registre-diari-de-jornada-laboral-2021\/","og_site_name":"Mi Registro","article_published_time":"2026-02-03T15:47:11+00:00","article_modified_time":"2026-03-31T08:45:25+00:00","og_image":[{"width":1707,"height":2560,"url":"https:\/\/mi-registro.net\/wp-content\/uploads\/2020\/02\/pexels-karola-g-7680750-scaled.jpg","type":"image\/jpeg"}],"author":"wwwarcelona","twitter_card":"summary_large_image","twitter_misc":{"Escrit per":"wwwarcelona","Temps estimat de lectura":"2 minuts"},"schema":{"@context":"https:\/\/schema.org","@graph":[{"@type":"Article","@id":"https:\/\/mi-registro.net\/ca\/novetats\/llei-registre-diari-de-jornada-laboral-2021\/#article","isPartOf":{"@id":"https:\/\/mi-registro.net\/ca\/novetats\/llei-registre-diari-de-jornada-laboral-2021\/"},"author":{"name":"wwwarcelona","@id":"https:\/\/mi-registro.net\/#\/schema\/person\/a6ad14a55ed9e77c06e5e289b559205b"},"headline":"Registre de jornada laboral a Espanya 2026: normativa, requisits i sancions","datePublished":"2026-02-03T15:47:11+00:00","dateModified":"2026-03-31T08:45:25+00:00","mainEntityOfPage":{"@id":"https:\/\/mi-registro.net\/ca\/novetats\/llei-registre-diari-de-jornada-laboral-2021\/"},"wordCount":467,"publisher":{"@id":"https:\/\/mi-registro.net\/#organization"},"image":{"@id":"https:\/\/mi-registro.net\/ca\/novetats\/llei-registre-diari-de-jornada-laboral-2021\/#primaryimage"},"thumbnailUrl":"https:\/\/mi-registro.net\/wp-content\/uploads\/2020\/02\/pexels-karola-g-7680750-scaled.jpg","articleSection":["Novetats"],"inLanguage":"ca"},{"@type":"WebPage","@id":"https:\/\/mi-registro.net\/ca\/novetats\/llei-registre-diari-de-jornada-laboral-2021\/","url":"https:\/\/mi-registro.net\/ca\/novetats\/llei-registre-diari-de-jornada-laboral-2021\/","name":"Com gestionar la Llei de Registre Diari de Jornada Laboral?","isPartOf":{"@id":"https:\/\/mi-registro.net\/#website"},"primaryImageOfPage":{"@id":"https:\/\/mi-registro.net\/ca\/novetats\/llei-registre-diari-de-jornada-laboral-2021\/#primaryimage"},"image":{"@id":"https:\/\/mi-registro.net\/ca\/novetats\/llei-registre-diari-de-jornada-laboral-2021\/#primaryimage"},"thumbnailUrl":"https:\/\/mi-registro.net\/wp-content\/uploads\/2020\/02\/pexels-karola-g-7680750-scaled.jpg","datePublished":"2026-02-03T15:47:11+00:00","dateModified":"2026-03-31T08:45:25+00:00","description":"No saps com ha de ser el Registre Diari de Jornada Laboral? El meu registre t'ajuda a gestionar c\u00f2modament les Jornades de Treball.","breadcrumb":{"@id":"https:\/\/mi-registro.net\/ca\/novetats\/llei-registre-diari-de-jornada-laboral-2021\/#breadcrumb"},"inLanguage":"ca","potentialAction":[{"@type":"ReadAction","target":["https:\/\/mi-registro.net\/ca\/novetats\/llei-registre-diari-de-jornada-laboral-2021\/"]}]},{"@type":"ImageObject","inLanguage":"ca","@id":"https:\/\/mi-registro.net\/ca\/novetats\/llei-registre-diari-de-jornada-laboral-2021\/#primaryimage","url":"https:\/\/mi-registro.net\/wp-content\/uploads\/2020\/02\/pexels-karola-g-7680750-scaled.jpg","contentUrl":"https:\/\/mi-registro.net\/wp-content\/uploads\/2020\/02\/pexels-karola-g-7680750-scaled.jpg","width":1707,"height":2560,"caption":"Registro de jornada laboral"},{"@type":"BreadcrumbList","@id":"https:\/\/mi-registro.net\/ca\/novetats\/llei-registre-diari-de-jornada-laboral-2021\/#breadcrumb","itemListElement":[{"@type":"ListItem","position":1,"name":"Portada","item":"https:\/\/mi-registro.net\/ca\/el-meu-registre\/"},{"@type":"ListItem","position":2,"name":"Registre de jornada laboral a Espanya 2026: normativa, requisits i sancions"}]},{"@type":"WebSite","@id":"https:\/\/mi-registro.net\/#website","url":"https:\/\/mi-registro.net\/","name":"Mi Registro","description":"Control Horario Trabajadores - Simple y Econ\u00f3mico","publisher":{"@id":"https:\/\/mi-registro.net\/#organization"},"potentialAction":[{"@type":"SearchAction","target":{"@type":"EntryPoint","urlTemplate":"https:\/\/mi-registro.net\/?s={search_term_string}"},"query-input":{"@type":"PropertyValueSpecification","valueRequired":true,"valueName":"search_term_string"}}],"inLanguage":"ca"},{"@type":"Organization","@id":"https:\/\/mi-registro.net\/#organization","name":"Mi-registro","url":"https:\/\/mi-registro.net\/","logo":{"@type":"ImageObject","inLanguage":"ca","@id":"https:\/\/mi-registro.net\/#\/schema\/logo\/image\/","url":"https:\/\/mi-registro.net\/wp-content\/uploads\/2021\/05\/logo.svg","contentUrl":"https:\/\/mi-registro.net\/wp-content\/uploads\/2021\/05\/logo.svg","width":210,"height":75,"caption":"Mi-registro"},"image":{"@id":"https:\/\/mi-registro.net\/#\/schema\/logo\/image\/"}},{"@type":"Person","@id":"https:\/\/mi-registro.net\/#\/schema\/person\/a6ad14a55ed9e77c06e5e289b559205b","name":"wwwarcelona","image":{"@type":"ImageObject","inLanguage":"ca","@id":"https:\/\/secure.gravatar.com\/avatar\/76edc0f7df0de110ae12eee50aa2669bcb42057dbca5433373eed35d648071cd?s=96&d=mm&r=g","url":"https:\/\/secure.gravatar.com\/avatar\/76edc0f7df0de110ae12eee50aa2669bcb42057dbca5433373eed35d648071cd?s=96&d=mm&r=g","contentUrl":"https:\/\/secure.gravatar.com\/avatar\/76edc0f7df0de110ae12eee50aa2669bcb42057dbca5433373eed35d648071cd?s=96&d=mm&r=g","caption":"wwwarcelona"}}]}},"_links":{"self":[{"href":"https:\/\/mi-registro.net\/ca\/wp-json\/wp\/v2\/posts\/15001","targetHints":{"allow":["GET"]}}],"collection":[{"href":"https:\/\/mi-registro.net\/ca\/wp-json\/wp\/v2\/posts"}],"about":[{"href":"https:\/\/mi-registro.net\/ca\/wp-json\/wp\/v2\/types\/post"}],"author":[{"embeddable":true,"href":"https:\/\/mi-registro.net\/ca\/wp-json\/wp\/v2\/users\/66"}],"replies":[{"embeddable":true,"href":"https:\/\/mi-registro.net\/ca\/wp-json\/wp\/v2\/comments?post=15001"}],"version-history":[{"count":1,"href":"https:\/\/mi-registro.net\/ca\/wp-json\/wp\/v2\/posts\/15001\/revisions"}],"predecessor-version":[{"id":15727,"href":"https:\/\/mi-registro.net\/ca\/wp-json\/wp\/v2\/posts\/15001\/revisions\/15727"}],"wp:featuredmedia":[{"embeddable":true,"href":"https:\/\/mi-registro.net\/ca\/wp-json\/wp\/v2\/media\/15127"}],"wp:attachment":[{"href":"https:\/\/mi-registro.net\/ca\/wp-json\/wp\/v2\/media?parent=15001"}],"wp:term":[{"taxonomy":"category","embeddable":true,"href":"https:\/\/mi-registro.net\/ca\/wp-json\/wp\/v2\/categories?post=15001"},{"taxonomy":"post_tag","embeddable":true,"href":"https:\/\/mi-registro.net\/ca\/wp-json\/wp\/v2\/tags?post=15001"}],"curies":[{"name":"wp","href":"https:\/\/api.w.org\/{rel}","templated":true}]}}